{"id":393,"date":"2021-08-13T09:17:03","date_gmt":"2021-08-13T06:17:03","guid":{"rendered":"https:\/\/www.aspilsan.com\/?p=393"},"modified":"2021-08-13T09:16:12","modified_gmt":"2021-08-13T06:16:12","slug":"turkiyenin-ilk-lityum-iyon-pil-uretim-tesisinin-temeli-atildi","status":"publish","type":"post","link":"https:\/\/www.aspilsan.com\/en\/foundation-laid-for-turkiyes-first-lithium-ion-battery-cell-production-facility\/","title":{"rendered":"Groundbreaking for Turkey's First Lithium-Ion Battery Production Facility"},"content":{"rendered":"<p class=\"page-title black\"><strong>The foundation of Turkey's First Lithium-Ion Battery Production Facility, which will be established by ASP\u0130LSAN Energy, was laid with a ceremony held in Kayseri Mimarsinan Organized Industrial Zone on October 2, 2020.<\/strong><\/p>\n<p>The foundation of Turkey's First Lithium-Ion Battery Production Facility, which will be established by ASP\u0130LSAN Energy, was laid with a ceremony held in Kayseri Mimarsinan Organized Industrial Zone on October 2, 2020.<\/p>\n<p>To the ceremony; Minister of National Defense Mr. Hulusi AKAR, President of Defense Industry Prof. Dr. \u0130smail DEM\u0130R, Chief of General Staff Gen. Ya\u015far G\u00dcLER, Land Forces Commander Gen. \u00dcmit D\u00dcNDAR, Air Force Commander Gen. Hasan K\u00dc\u00c7\u00dcKAKY\u00dcZ, Naval Forces Commander Ora. Adnan \u00d6ZBAL, Governor of Kayseri, Mr. \u015eehmus G\u00dcNAYDIN, Mayor of Kayseri Metropolitan Municipality Dr. Memduh B\u00dcY\u00dcKKILI\u00c7, General Manager of Turkish Armed Forces Foundation, Mr. Sad\u0131k PIYADE and accompanying delegations participated.<\/p>\n<p>On October 2, 2020, this article was published.<\/p>","protected":false},"excerpt":{"rendered":"<p>ASP\u0130LSAN Enerji taraf\u0131ndan kurulacak olan T\u00fcrkiye&#8217;nin \u0130lk Lityum \u0130yon Pil \u00dcretim Tesisi&#8217;nin temeli, 2 Ekim 2020 tarihinde Kayseri Mimarsinan OSB&#8217;de ger\u00e7ekle\u015ftirilen t\u00f6renle at\u0131ld\u0131. ASP\u0130LSAN Enerji taraf\u0131ndan kurulacak olan T\u00fcrkiye&#8217;nin \u0130lk Lityum \u0130yon Pil \u00dcretim Tesisi&#8217;nin temeli, 2 Ekim 2020 tarihinde Kayseri Mimarsinan OSB&#8217;de ger\u00e7ekle\u015ftirilen t\u00f6renle at\u0131ld\u0131. T\u00f6rene; Milli Savunma Bakan\u0131 Sn. Hulusi AKAR, Savunma Sanayii&#8230;<\/p>","protected":false},"author":1,"featured_media":394,"comment_status":"closed","ping_status":"closed","sticky":false,"template":"","format":"standard","meta":{"om_disable_all_campaigns":false,"_mi_skip_tracking":false,"_themeisle_gutenberg_block_has_review":false,"footnotes":""},"categories":[1],"tags":[28],"class_list":["post-393","post","type-post","status-publish","format-standard","has-post-thumbnail","hentry","category-haberler","tag-yatirimlar"],"aioseo_notices":[],"yoast_head":"<!-- This site is optimized with the Yoast SEO plugin v20.5 - https:\/\/yoast.com\/wordpress\/plugins\/seo\/ -->\n<title>T\u00fcrkiye&#039;nin \u0130lk Lityum \u0130yon Pil \u00dcretim Tesisi&#039;nin temeli at\u0131ld\u0131 - ASP\u0130LSAN<\/title>\n<meta name=\"robots\" content=\"index, follow, max-snippet:-1, max-image-preview:large, max-video-preview:-1\" \/>\n<link rel=\"canonical\" href=\"https:\/\/www.aspilsan.com\/en\/foundation-laid-for-turkiyes-first-lithium-ion-battery-cell-production-facility\/\" \/>\n<meta property=\"og:locale\" content=\"en_US\" \/>\n<meta property=\"og:type\" content=\"article\" \/>\n<meta property=\"og:title\" content=\"T\u00fcrkiye&#039;nin \u0130lk Lityum \u0130yon Pil \u00dcretim Tesisi&#039;nin temeli at\u0131ld\u0131 - ASP\u0130LSAN\" \/>\n<meta property=\"og:description\" content=\"ASP\u0130LSAN Enerji taraf\u0131ndan kurulacak olan T\u00fcrkiye&#8217;nin \u0130lk Lityum \u0130yon Pil \u00dcretim Tesisi&#8217;nin temeli, 2 Ekim 2020 tarihinde Kayseri Mimarsinan OSB&#8217;de ger\u00e7ekle\u015ftirilen t\u00f6renle at\u0131ld\u0131. ASP\u0130LSAN Enerji taraf\u0131ndan kurulacak olan T\u00fcrkiye&#8217;nin \u0130lk Lityum \u0130yon Pil \u00dcretim Tesisi&#8217;nin temeli, 2 Ekim 2020 tarihinde Kayseri Mimarsinan OSB&#8217;de ger\u00e7ekle\u015ftirilen t\u00f6renle at\u0131ld\u0131. T\u00f6rene; Milli Savunma Bakan\u0131 Sn. Hulusi AKAR, Savunma Sanayii...\" \/>\n<meta property=\"og:url\" content=\"https:\/\/www.aspilsan.com\/en\/foundation-laid-for-turkiyes-first-lithium-ion-battery-cell-production-facility\/\" \/>\n<meta property=\"og:site_name\" content=\"ASP\u0130LSAN\" \/>\n<meta property=\"article:publisher\" content=\"https:\/\/www.facebook.com\/people\/Aspilsan\/100028422177074\/\" \/>\n<meta property=\"article:published_time\" content=\"2021-08-13T06:17:03+00:00\" \/>\n<meta property=\"article:modified_time\" content=\"2021-08-13T06:16:12+00:00\" \/>\n<meta property=\"og:image\" content=\"https:\/\/www.aspilsan.com\/wp-content\/uploads\/2021\/04\/temel-atma-toreni-resim_1.jpg\" \/>\n\t<meta property=\"og:image:width\" content=\"1536\" \/>\n\t<meta property=\"og:image:height\" content=\"1024\" \/>\n\t<meta property=\"og:image:type\" content=\"image\/jpeg\" \/>\n<meta name=\"author\" content=\"admin\" \/>\n<meta name=\"twitter:card\" content=\"summary_large_image\" \/>\n<meta name=\"twitter:creator\" content=\"@aspilsan_enerji\" \/>\n<meta name=\"twitter:site\" content=\"@aspilsan_enerji\" \/>\n<meta name=\"twitter:label1\" content=\"Written by\" \/>\n\t<meta name=\"twitter:data1\" content=\"admin\" \/>\n\t<meta name=\"twitter:label2\" content=\"Est. reading time\" \/>\n\t<meta name=\"twitter:data2\" content=\"1 minute\" \/>\n<script type=\"application\/ld+json\" class=\"yoast-schema-graph\">{\"@context\":\"https:\/\/schema.org\",\"@graph\":[{\"@type\":\"Article\",\"@id\":\"https:\/\/www.aspilsan.com\/turkiyenin-ilk-lityum-iyon-pil-uretim-tesisinin-temeli-atildi\/#article\",\"isPartOf\":{\"@id\":\"https:\/\/www.aspilsan.com\/turkiyenin-ilk-lityum-iyon-pil-uretim-tesisinin-temeli-atildi\/\"},\"author\":{\"name\":\"admin\",\"@id\":\"https:\/\/www.aspilsan.com\/#\/schema\/person\/fd6f8a114a797cc40c6546cb138be8aa\"},\"headline\":\"T\u00fcrkiye&#8217;nin \u0130lk Lityum \u0130yon Pil \u00dcretim Tesisi&#8217;nin temeli at\u0131ld\u0131\",\"datePublished\":\"2021-08-13T06:17:03+00:00\",\"dateModified\":\"2021-08-13T06:16:12+00:00\",\"mainEntityOfPage\":{\"@id\":\"https:\/\/www.aspilsan.com\/turkiyenin-ilk-lityum-iyon-pil-uretim-tesisinin-temeli-atildi\/\"},\"wordCount\":169,\"publisher\":{\"@id\":\"https:\/\/www.aspilsan.com\/#organization\"},\"keywords\":[\"yat\u0131r\u0131mlar\"],\"articleSection\":[\"Haberler\"],\"inLanguage\":\"en-US\"},{\"@type\":\"WebPage\",\"@id\":\"https:\/\/www.aspilsan.com\/turkiyenin-ilk-lityum-iyon-pil-uretim-tesisinin-temeli-atildi\/\",\"url\":\"https:\/\/www.aspilsan.com\/turkiyenin-ilk-lityum-iyon-pil-uretim-tesisinin-temeli-atildi\/\",\"name\":\"T\u00fcrkiye'nin \u0130lk Lityum \u0130yon Pil \u00dcretim Tesisi'nin temeli at\u0131ld\u0131 - ASP\u0130LSAN\",\"isPartOf\":{\"@id\":\"https:\/\/www.aspilsan.com\/#website\"},\"datePublished\":\"2021-08-13T06:17:03+00:00\",\"dateModified\":\"2021-08-13T06:16:12+00:00\",\"breadcrumb\":{\"@id\":\"https:\/\/www.aspilsan.com\/turkiyenin-ilk-lityum-iyon-pil-uretim-tesisinin-temeli-atildi\/#breadcrumb\"},\"inLanguage\":\"en-US\",\"potentialAction\":[{\"@type\":\"ReadAction\",\"target\":[\"https:\/\/www.aspilsan.com\/turkiyenin-ilk-lityum-iyon-pil-uretim-tesisinin-temeli-atildi\/\"]}]},{\"@type\":\"BreadcrumbList\",\"@id\":\"https:\/\/www.aspilsan.com\/turkiyenin-ilk-lityum-iyon-pil-uretim-tesisinin-temeli-atildi\/#breadcrumb\",\"itemListElement\":[{\"@type\":\"ListItem\",\"position\":1,\"name\":\"Anasayfa\",\"item\":\"https:\/\/www.aspilsan.com\/\"},{\"@type\":\"ListItem\",\"position\":2,\"name\":\"T\u00fcrkiye&#8217;nin \u0130lk Lityum \u0130yon Pil \u00dcretim Tesisi&#8217;nin temeli at\u0131ld\u0131\"}]},{\"@type\":\"WebSite\",\"@id\":\"https:\/\/www.aspilsan.com\/#website\",\"url\":\"https:\/\/www.aspilsan.com\/\",\"name\":\"ASP\u0130LSAN\",\"description\":\"Teknolojinin Enerjisi\",\"publisher\":{\"@id\":\"https:\/\/www.aspilsan.com\/#organization\"},\"potentialAction\":[{\"@type\":\"SearchAction\",\"target\":{\"@type\":\"EntryPoint\",\"urlTemplate\":\"https:\/\/www.aspilsan.com\/?s={search_term_string}\"},\"query-input\":\"required name=search_term_string\"}],\"inLanguage\":\"en-US\"},{\"@type\":\"Organization\",\"@id\":\"https:\/\/www.aspilsan.com\/#organization\",\"name\":\"ASP\u0130LSAN\",\"url\":\"https:\/\/www.aspilsan.com\/\",\"logo\":{\"@type\":\"ImageObject\",\"inLanguage\":\"en-US\",\"@id\":\"https:\/\/www.aspilsan.com\/#\/schema\/logo\/image\/\",\"url\":\"https:\/\/www.aspilsan.com\/wp-content\/uploads\/2022\/03\/Aspilsan-Logo-300px.png\",\"contentUrl\":\"https:\/\/www.aspilsan.com\/wp-content\/uploads\/2022\/03\/Aspilsan-Logo-300px.png\",\"width\":300,\"height\":56,\"caption\":\"ASP\u0130LSAN\"},\"image\":{\"@id\":\"https:\/\/www.aspilsan.com\/#\/schema\/logo\/image\/\"},\"sameAs\":[\"https:\/\/www.facebook.com\/people\/Aspilsan\/100028422177074\/\",\"https:\/\/twitter.com\/aspilsan_enerji\",\"https:\/\/www.instagram.com\/aspilsanenerji\",\"https:\/\/www.linkedin.com\/company\/aspilsan\"]},{\"@type\":\"Person\",\"@id\":\"https:\/\/www.aspilsan.com\/#\/schema\/person\/fd6f8a114a797cc40c6546cb138be8aa\",\"name\":\"admin\",\"image\":{\"@type\":\"ImageObject\",\"inLanguage\":\"en-US\",\"@id\":\"https:\/\/www.aspilsan.com\/#\/schema\/person\/image\/\",\"url\":\"https:\/\/secure.gravatar.com\/avatar\/63c7e1c550972ddb224fce8322f27c39faf8a18eae49fe2b8b51521fe7ad1540?s=96&d=mm&r=g\",\"contentUrl\":\"https:\/\/secure.gravatar.com\/avatar\/63c7e1c550972ddb224fce8322f27c39faf8a18eae49fe2b8b51521fe7ad1540?s=96&d=mm&r=g\",\"caption\":\"admin\"},\"sameAs\":[\"https:\/\/www.aspilsan.com\"],\"url\":\"https:\/\/www.aspilsan.com\/en\/author\/aspilsan_34hi2rqu-2-2-2-2-2-2-2-2-2-2\/\"}]}<\/script>\n<!-- \/ Yoast SEO plugin. -->","yoast_head_json":{"title":"T\u00fcrkiye'nin \u0130lk Lityum \u0130yon Pil \u00dcretim Tesisi'nin temeli at\u0131ld\u0131 - ASP\u0130LSAN","robots":{"index":"index","follow":"follow","max-snippet":"max-snippet:-1","max-image-preview":"max-image-preview:large","max-video-preview":"max-video-preview:-1"},"canonical":"https:\/\/www.aspilsan.com\/en\/foundation-laid-for-turkiyes-first-lithium-ion-battery-cell-production-facility\/","og_locale":"en_US","og_type":"article","og_title":"T\u00fcrkiye'nin \u0130lk Lityum \u0130yon Pil \u00dcretim Tesisi'nin temeli at\u0131ld\u0131 - ASP\u0130LSAN","og_description":"ASP\u0130LSAN Enerji taraf\u0131ndan kurulacak olan T\u00fcrkiye&#8217;nin \u0130lk Lityum \u0130yon Pil \u00dcretim Tesisi&#8217;nin temeli, 2 Ekim 2020 tarihinde Kayseri Mimarsinan OSB&#8217;de ger\u00e7ekle\u015ftirilen t\u00f6renle at\u0131ld\u0131. ASP\u0130LSAN Enerji taraf\u0131ndan kurulacak olan T\u00fcrkiye&#8217;nin \u0130lk Lityum \u0130yon Pil \u00dcretim Tesisi&#8217;nin temeli, 2 Ekim 2020 tarihinde Kayseri Mimarsinan OSB&#8217;de ger\u00e7ekle\u015ftirilen t\u00f6renle at\u0131ld\u0131. T\u00f6rene; Milli Savunma Bakan\u0131 Sn. Hulusi AKAR, Savunma Sanayii...","og_url":"https:\/\/www.aspilsan.com\/en\/foundation-laid-for-turkiyes-first-lithium-ion-battery-cell-production-facility\/","og_site_name":"ASP\u0130LSAN","article_publisher":"https:\/\/www.facebook.com\/people\/Aspilsan\/100028422177074\/","article_published_time":"2021-08-13T06:17:03+00:00","article_modified_time":"2021-08-13T06:16:12+00:00","og_image":[{"width":1536,"height":1024,"url":"https:\/\/www.aspilsan.com\/wp-content\/uploads\/2021\/04\/temel-atma-toreni-resim_1.jpg","type":"image\/jpeg"}],"author":"admin","twitter_card":"summary_large_image","twitter_creator":"@aspilsan_enerji","twitter_site":"@aspilsan_enerji","twitter_misc":{"Written by":"admin","Est. reading time":"1 minute"},"schema":{"@context":"https:\/\/schema.org","@graph":[{"@type":"Article","@id":"https:\/\/www.aspilsan.com\/turkiyenin-ilk-lityum-iyon-pil-uretim-tesisinin-temeli-atildi\/#article","isPartOf":{"@id":"https:\/\/www.aspilsan.com\/turkiyenin-ilk-lityum-iyon-pil-uretim-tesisinin-temeli-atildi\/"},"author":{"name":"admin","@id":"https:\/\/www.aspilsan.com\/#\/schema\/person\/fd6f8a114a797cc40c6546cb138be8aa"},"headline":"T\u00fcrkiye&#8217;nin \u0130lk Lityum \u0130yon Pil \u00dcretim Tesisi&#8217;nin temeli at\u0131ld\u0131","datePublished":"2021-08-13T06:17:03+00:00","dateModified":"2021-08-13T06:16:12+00:00","mainEntityOfPage":{"@id":"https:\/\/www.aspilsan.com\/turkiyenin-ilk-lityum-iyon-pil-uretim-tesisinin-temeli-atildi\/"},"wordCount":169,"publisher":{"@id":"https:\/\/www.aspilsan.com\/#organization"},"keywords":["yat\u0131r\u0131mlar"],"articleSection":["Haberler"],"inLanguage":"en-US"},{"@type":"WebPage","@id":"https:\/\/www.aspilsan.com\/turkiyenin-ilk-lityum-iyon-pil-uretim-tesisinin-temeli-atildi\/","url":"https:\/\/www.aspilsan.com\/turkiyenin-ilk-lityum-iyon-pil-uretim-tesisinin-temeli-atildi\/","name":"T\u00fcrkiye'nin \u0130lk Lityum \u0130yon Pil \u00dcretim Tesisi'nin temeli at\u0131ld\u0131 - ASP\u0130LSAN","isPartOf":{"@id":"https:\/\/www.aspilsan.com\/#website"},"datePublished":"2021-08-13T06:17:03+00:00","dateModified":"2021-08-13T06:16:12+00:00","breadcrumb":{"@id":"https:\/\/www.aspilsan.com\/turkiyenin-ilk-lityum-iyon-pil-uretim-tesisinin-temeli-atildi\/#breadcrumb"},"inLanguage":"en-US","potentialAction":[{"@type":"ReadAction","target":["https:\/\/www.aspilsan.com\/turkiyenin-ilk-lityum-iyon-pil-uretim-tesisinin-temeli-atildi\/"]}]},{"@type":"BreadcrumbList","@id":"https:\/\/www.aspilsan.com\/turkiyenin-ilk-lityum-iyon-pil-uretim-tesisinin-temeli-atildi\/#breadcrumb","itemListElement":[{"@type":"ListItem","position":1,"name":"Anasayfa","item":"https:\/\/www.aspilsan.com\/"},{"@type":"ListItem","position":2,"name":"T\u00fcrkiye&#8217;nin \u0130lk Lityum \u0130yon Pil \u00dcretim Tesisi&#8217;nin temeli at\u0131ld\u0131"}]},{"@type":"WebSite","@id":"https:\/\/www.aspilsan.com\/#website","url":"https:\/\/www.aspilsan.com\/","name":"ASP\u0130LSAN","description":"Teknolojinin Enerjisi","publisher":{"@id":"https:\/\/www.aspilsan.com\/#organization"},"potentialAction":[{"@type":"SearchAction","target":{"@type":"EntryPoint","urlTemplate":"https:\/\/www.aspilsan.com\/?s={search_term_string}"},"query-input":"required name=search_term_string"}],"inLanguage":"en-US"},{"@type":"Organization","@id":"https:\/\/www.aspilsan.com\/#organization","name":"ASP\u0130LSAN","url":"https:\/\/www.aspilsan.com\/","logo":{"@type":"ImageObject","inLanguage":"en-US","@id":"https:\/\/www.aspilsan.com\/#\/schema\/logo\/image\/","url":"https:\/\/www.aspilsan.com\/wp-content\/uploads\/2022\/03\/Aspilsan-Logo-300px.png","contentUrl":"https:\/\/www.aspilsan.com\/wp-content\/uploads\/2022\/03\/Aspilsan-Logo-300px.png","width":300,"height":56,"caption":"ASP\u0130LSAN"},"image":{"@id":"https:\/\/www.aspilsan.com\/#\/schema\/logo\/image\/"},"sameAs":["https:\/\/www.facebook.com\/people\/Aspilsan\/100028422177074\/","https:\/\/twitter.com\/aspilsan_enerji","https:\/\/www.instagram.com\/aspilsanenerji","https:\/\/www.linkedin.com\/company\/aspilsan"]},{"@type":"Person","@id":"https:\/\/www.aspilsan.com\/#\/schema\/person\/fd6f8a114a797cc40c6546cb138be8aa","name":"admin","image":{"@type":"ImageObject","inLanguage":"en-US","@id":"https:\/\/www.aspilsan.com\/#\/schema\/person\/image\/","url":"https:\/\/secure.gravatar.com\/avatar\/63c7e1c550972ddb224fce8322f27c39faf8a18eae49fe2b8b51521fe7ad1540?s=96&d=mm&r=g","contentUrl":"https:\/\/secure.gravatar.com\/avatar\/63c7e1c550972ddb224fce8322f27c39faf8a18eae49fe2b8b51521fe7ad1540?s=96&d=mm&r=g","caption":"admin"},"sameAs":["https:\/\/www.aspilsan.com"],"url":"https:\/\/www.aspilsan.com\/en\/author\/aspilsan_34hi2rqu-2-2-2-2-2-2-2-2-2-2\/"}]}},"acf":[],"_links":{"self":[{"href":"https:\/\/www.aspilsan.com\/en\/wp-json\/wp\/v2\/posts\/393","targetHints":{"allow":["GET"]}}],"collection":[{"href":"https:\/\/www.aspilsan.com\/en\/wp-json\/wp\/v2\/posts"}],"about":[{"href":"https:\/\/www.aspilsan.com\/en\/wp-json\/wp\/v2\/types\/post"}],"author":[{"embeddable":true,"href":"https:\/\/www.aspilsan.com\/en\/wp-json\/wp\/v2\/users\/1"}],"replies":[{"embeddable":true,"href":"https:\/\/www.aspilsan.com\/en\/wp-json\/wp\/v2\/comments?post=393"}],"version-history":[{"count":2,"href":"https:\/\/www.aspilsan.com\/en\/wp-json\/wp\/v2\/posts\/393\/revisions"}],"predecessor-version":[{"id":856,"href":"https:\/\/www.aspilsan.com\/en\/wp-json\/wp\/v2\/posts\/393\/revisions\/856"}],"wp:featuredmedia":[{"embeddable":true,"href":"https:\/\/www.aspilsan.com\/en\/wp-json\/wp\/v2\/media\/394"}],"wp:attachment":[{"href":"https:\/\/www.aspilsan.com\/en\/wp-json\/wp\/v2\/media?parent=393"}],"wp:term":[{"taxonomy":"category","embeddable":true,"href":"https:\/\/www.aspilsan.com\/en\/wp-json\/wp\/v2\/categories?post=393"},{"taxonomy":"post_tag","embeddable":true,"href":"https:\/\/www.aspilsan.com\/en\/wp-json\/wp\/v2\/tags?post=393"}],"curies":[{"name":"wp","href":"https:\/\/api.w.org\/{rel}","templated":true}]}}