{"id":9391,"date":"2026-04-29T09:35:00","date_gmt":"2026-04-29T06:35:00","guid":{"rendered":"https:\/\/www.aspilsan.com\/?p=9391"},"modified":"2026-04-29T11:05:56","modified_gmt":"2026-04-29T08:05:56","slug":"aspilsan-enerji-savunmanin-gelecegine-guc-vermek-icin-saha-2026da-yer-alacak","status":"publish","type":"post","link":"https:\/\/www.aspilsan.com\/en\/aspilsan-enerji-will-take-part-in-saha-2026-to-power-the-future-of-defense\/","title":{"rendered":"ASP\u0130LSAN Enerji to Take Part in SAHA 2026 to Power the Future of Defense"},"content":{"rendered":"<p>ASP\u0130LSAN Enerji, one of T\u00fcrkiye\u2019s leading organizations in indigenous and national energy storage solutions, is preparing to showcase its latest technologies at SAHA 2026, one of Europe\u2019s largest industrial cluster organizations.<\/p>\n<p>Participating in the SAHA 2026 Defense, Aerospace, and Space Industry Fair\u2014Europe's largest industrial cluster event, to be held at the Istanbul Expo Center between May 5-9, 2026\u2014ASP\u0130LSAN Enerji will present its newest energy storage systems and domestic lithium-ion battery technologies developed for aviation, maritime, and land platforms to both national and international stakeholders.<strong>\u00a0<\/strong><\/p>\n<p><strong>The Energy of Defense is Rising with Our Domestic Technology<\/strong><\/p>\n<p>Regarding their participation in SAHA 2026, ASP\u0130LSAN Enerji General Manager Prof. Ahmet Turan \u00d6zdemir stated: \u201cSAHA is one of the most strategic platforms to demonstrate the global competitiveness of our defense industry. As ASP\u0130LSAN Enerji, with the motto \u2018The Energy of Defense is at SAHA 2026!\u2019, we will be there with our solutions that empower our military in every field, from the skies to the deep seas.<\/p>\n<p>The energy storage systems developed in our own facilities symbolize our energy independence at every critical point, from radios to UAVs, and from our ships to submarines. Through SAHA 2026, we aim not only to showcase our products but also to once again certify T\u00fcrkiye's technological competence in the field of energy storage on the international stage.\u201d<\/p>\n<p><strong>Special Solutions for Critical Platforms<\/strong><\/p>\n<p>During SAHA 2026, ASP\u0130LSAN Enerji stand will exhibit batteries manufactured to aviation standards, high-current submarine and ship batteries, and portable energy units suitable for tactical field use.<\/p>\n<p>With the innovative solutions it will display at SAHA 2026, ASP\u0130LSAN Enerji continues to embody the \"National Technology Initiative\" (Mill\u00ee Teknoloji Hamlesi) on the field.<\/p>","protected":false},"excerpt":{"rendered":"<p>T\u00fcrkiye\u2019nin yerli ve mill\u00ee enerji depolama \u00e7\u00f6z\u00fcmlerindeki \u00f6nc\u00fc kurulu\u015flar\u0131ndan ASP\u0130LSAN Enerji, Avrupa\u2019n\u0131n en b\u00fcy\u00fck sanayi k\u00fcmelenmesi organizasyonlar\u0131ndan biri olan SAHA 2026\u2019da en yeni teknolojilerini sergilemeye haz\u0131rlan\u0131yor. 05-09 May\u0131s 2026 tarihleri aras\u0131nda \u0130stanbul Fuar Merkezi\u2019nde d\u00fczenlenecek olan Avrupa&#8217;n\u0131n en b\u00fcy\u00fck sanayi k\u00fcmelenmesi SAHA 2026 Savunma, Havac\u0131l\u0131k ve Uzay Sanayi Fuar\u0131\u2019na kat\u0131l\u0131m sa\u011flayacak olan ASP\u0130LSAN Enerji havac\u0131l\u0131k,&#8230;<\/p>","protected":false},"author":7,"featured_media":9342,"comment_status":"closed","ping_status":"closed","sticky":false,"template":"","format":"standard","meta":{"om_disable_all_campaigns":false,"_mi_skip_tracking":false,"_themeisle_gutenberg_block_has_review":false,"footnotes":""},"categories":[1],"tags":[],"class_list":["post-9391","post","type-post","status-publish","format-standard","has-post-thumbnail","hentry","category-haberler"],"aioseo_notices":[],"yoast_head":"<!-- This site is optimized with the Yoast SEO plugin v20.5 - https:\/\/yoast.com\/wordpress\/plugins\/seo\/ -->\n<title>ASP\u0130LSAN Enerji, Savunman\u0131n Gelece\u011fine G\u00fc\u00e7 Vermek \u0130\u00e7in SAHA 2026\u2019da Yer Alacak - ASP\u0130LSAN<\/title>\n<meta name=\"robots\" content=\"index, follow, max-snippet:-1, max-image-preview:large, max-video-preview:-1\" \/>\n<link rel=\"canonical\" href=\"https:\/\/www.aspilsan.com\/en\/aspilsan-enerji-will-take-part-in-saha-2026-to-power-the-future-of-defense\/\" \/>\n<meta property=\"og:locale\" content=\"en_US\" \/>\n<meta property=\"og:type\" content=\"article\" \/>\n<meta property=\"og:title\" content=\"ASP\u0130LSAN Enerji, Savunman\u0131n Gelece\u011fine G\u00fc\u00e7 Vermek \u0130\u00e7in SAHA 2026\u2019da Yer Alacak - ASP\u0130LSAN\" \/>\n<meta property=\"og:description\" content=\"T\u00fcrkiye\u2019nin yerli ve mill\u00ee enerji depolama \u00e7\u00f6z\u00fcmlerindeki \u00f6nc\u00fc kurulu\u015flar\u0131ndan ASP\u0130LSAN Enerji, Avrupa\u2019n\u0131n en b\u00fcy\u00fck sanayi k\u00fcmelenmesi organizasyonlar\u0131ndan biri olan SAHA 2026\u2019da en yeni teknolojilerini sergilemeye haz\u0131rlan\u0131yor. 05-09 May\u0131s 2026 tarihleri aras\u0131nda \u0130stanbul Fuar Merkezi\u2019nde d\u00fczenlenecek olan Avrupa&#8217;n\u0131n en b\u00fcy\u00fck sanayi k\u00fcmelenmesi SAHA 2026 Savunma, Havac\u0131l\u0131k ve Uzay Sanayi Fuar\u0131\u2019na kat\u0131l\u0131m sa\u011flayacak olan ASP\u0130LSAN Enerji havac\u0131l\u0131k,...\" \/>\n<meta property=\"og:url\" content=\"https:\/\/www.aspilsan.com\/en\/aspilsan-enerji-will-take-part-in-saha-2026-to-power-the-future-of-defense\/\" \/>\n<meta property=\"og:site_name\" content=\"ASP\u0130LSAN\" \/>\n<meta property=\"article:publisher\" content=\"https:\/\/www.facebook.com\/people\/Aspilsan\/100028422177074\/\" \/>\n<meta property=\"article:published_time\" content=\"2026-04-29T06:35:00+00:00\" \/>\n<meta property=\"article:modified_time\" content=\"2026-04-29T08:05:56+00:00\" \/>\n<meta property=\"og:image\" content=\"https:\/\/www.aspilsan.com\/wp-content\/uploads\/2026\/04\/Saha-2026-1.jpg\" \/>\n\t<meta property=\"og:image:width\" content=\"1080\" \/>\n\t<meta property=\"og:image:height\" content=\"1350\" \/>\n\t<meta property=\"og:image:type\" content=\"image\/jpeg\" \/>\n<meta name=\"author\" content=\"\u0130hsan Emre KILI\u00c7BAY\" \/>\n<meta name=\"twitter:card\" content=\"summary_large_image\" \/>\n<meta name=\"twitter:creator\" content=\"@aspilsan_enerji\" \/>\n<meta name=\"twitter:site\" content=\"@aspilsan_enerji\" \/>\n<meta name=\"twitter:label1\" content=\"Written by\" \/>\n\t<meta name=\"twitter:data1\" content=\"\u0130hsan Emre KILI\u00c7BAY\" \/>\n\t<meta name=\"twitter:label2\" content=\"Est. reading time\" \/>\n\t<meta name=\"twitter:data2\" content=\"2 minutes\" \/>\n<script type=\"application\/ld+json\" class=\"yoast-schema-graph\">{\"@context\":\"https:\/\/schema.org\",\"@graph\":[{\"@type\":\"Article\",\"@id\":\"https:\/\/www.aspilsan.com\/aspilsan-enerji-savunmanin-gelecegine-guc-vermek-icin-saha-2026da-yer-alacak\/#article\",\"isPartOf\":{\"@id\":\"https:\/\/www.aspilsan.com\/aspilsan-enerji-savunmanin-gelecegine-guc-vermek-icin-saha-2026da-yer-alacak\/\"},\"author\":{\"name\":\"\u0130hsan Emre KILI\u00c7BAY\",\"@id\":\"https:\/\/www.aspilsan.com\/#\/schema\/person\/f1ef3394e0e361b10652b14a2c1d3685\"},\"headline\":\"ASP\u0130LSAN Enerji, Savunman\u0131n Gelece\u011fine G\u00fc\u00e7 Vermek \u0130\u00e7in SAHA 2026\u2019da Yer Alacak\",\"datePublished\":\"2026-04-29T06:35:00+00:00\",\"dateModified\":\"2026-04-29T08:05:56+00:00\",\"mainEntityOfPage\":{\"@id\":\"https:\/\/www.aspilsan.com\/aspilsan-enerji-savunmanin-gelecegine-guc-vermek-icin-saha-2026da-yer-alacak\/\"},\"wordCount\":325,\"publisher\":{\"@id\":\"https:\/\/www.aspilsan.com\/#organization\"},\"articleSection\":[\"Haberler\"],\"inLanguage\":\"en-US\"},{\"@type\":\"WebPage\",\"@id\":\"https:\/\/www.aspilsan.com\/aspilsan-enerji-savunmanin-gelecegine-guc-vermek-icin-saha-2026da-yer-alacak\/\",\"url\":\"https:\/\/www.aspilsan.com\/aspilsan-enerji-savunmanin-gelecegine-guc-vermek-icin-saha-2026da-yer-alacak\/\",\"name\":\"ASP\u0130LSAN Enerji, Savunman\u0131n Gelece\u011fine G\u00fc\u00e7 Vermek \u0130\u00e7in SAHA 2026\u2019da Yer Alacak - ASP\u0130LSAN\",\"isPartOf\":{\"@id\":\"https:\/\/www.aspilsan.com\/#website\"},\"datePublished\":\"2026-04-29T06:35:00+00:00\",\"dateModified\":\"2026-04-29T08:05:56+00:00\",\"breadcrumb\":{\"@id\":\"https:\/\/www.aspilsan.com\/aspilsan-enerji-savunmanin-gelecegine-guc-vermek-icin-saha-2026da-yer-alacak\/#breadcrumb\"},\"inLanguage\":\"en-US\",\"potentialAction\":[{\"@type\":\"ReadAction\",\"target\":[\"https:\/\/www.aspilsan.com\/aspilsan-enerji-savunmanin-gelecegine-guc-vermek-icin-saha-2026da-yer-alacak\/\"]}]},{\"@type\":\"BreadcrumbList\",\"@id\":\"https:\/\/www.aspilsan.com\/aspilsan-enerji-savunmanin-gelecegine-guc-vermek-icin-saha-2026da-yer-alacak\/#breadcrumb\",\"itemListElement\":[{\"@type\":\"ListItem\",\"position\":1,\"name\":\"Anasayfa\",\"item\":\"https:\/\/www.aspilsan.com\/\"},{\"@type\":\"ListItem\",\"position\":2,\"name\":\"ASP\u0130LSAN Enerji, Savunman\u0131n Gelece\u011fine G\u00fc\u00e7 Vermek \u0130\u00e7in SAHA 2026\u2019da Yer Alacak\"}]},{\"@type\":\"WebSite\",\"@id\":\"https:\/\/www.aspilsan.com\/#website\",\"url\":\"https:\/\/www.aspilsan.com\/\",\"name\":\"ASP\u0130LSAN\",\"description\":\"Teknolojinin Enerjisi\",\"publisher\":{\"@id\":\"https:\/\/www.aspilsan.com\/#organization\"},\"potentialAction\":[{\"@type\":\"SearchAction\",\"target\":{\"@type\":\"EntryPoint\",\"urlTemplate\":\"https:\/\/www.aspilsan.com\/?s={search_term_string}\"},\"query-input\":\"required name=search_term_string\"}],\"inLanguage\":\"en-US\"},{\"@type\":\"Organization\",\"@id\":\"https:\/\/www.aspilsan.com\/#organization\",\"name\":\"ASP\u0130LSAN\",\"url\":\"https:\/\/www.aspilsan.com\/\",\"logo\":{\"@type\":\"ImageObject\",\"inLanguage\":\"en-US\",\"@id\":\"https:\/\/www.aspilsan.com\/#\/schema\/logo\/image\/\",\"url\":\"https:\/\/www.aspilsan.com\/wp-content\/uploads\/2022\/03\/Aspilsan-Logo-300px.png\",\"contentUrl\":\"https:\/\/www.aspilsan.com\/wp-content\/uploads\/2022\/03\/Aspilsan-Logo-300px.png\",\"width\":300,\"height\":56,\"caption\":\"ASP\u0130LSAN\"},\"image\":{\"@id\":\"https:\/\/www.aspilsan.com\/#\/schema\/logo\/image\/\"},\"sameAs\":[\"https:\/\/www.facebook.com\/people\/Aspilsan\/100028422177074\/\",\"https:\/\/twitter.com\/aspilsan_enerji\",\"https:\/\/www.instagram.com\/aspilsanenerji\",\"https:\/\/www.linkedin.com\/company\/aspilsan\"]},{\"@type\":\"Person\",\"@id\":\"https:\/\/www.aspilsan.com\/#\/schema\/person\/f1ef3394e0e361b10652b14a2c1d3685\",\"name\":\"\u0130hsan Emre KILI\u00c7BAY\",\"image\":{\"@type\":\"ImageObject\",\"inLanguage\":\"en-US\",\"@id\":\"https:\/\/www.aspilsan.com\/#\/schema\/person\/image\/\",\"url\":\"https:\/\/secure.gravatar.com\/avatar\/8a3161259a26478e88395be6c1cc5b83d4072971502e7ca18fe1428c2b43b2ee?s=96&d=mm&r=g\",\"contentUrl\":\"https:\/\/secure.gravatar.com\/avatar\/8a3161259a26478e88395be6c1cc5b83d4072971502e7ca18fe1428c2b43b2ee?s=96&d=mm&r=g\",\"caption\":\"\u0130hsan Emre KILI\u00c7BAY\"},\"url\":\"https:\/\/www.aspilsan.com\/en\/author\/asp_krmsl_ihsan141024\/\"}]}<\/script>\n<!-- \/ Yoast SEO plugin. -->","yoast_head_json":{"title":"ASP\u0130LSAN Enerji, Savunman\u0131n Gelece\u011fine G\u00fc\u00e7 Vermek \u0130\u00e7in SAHA 2026\u2019da Yer Alacak - ASP\u0130LSAN","robots":{"index":"index","follow":"follow","max-snippet":"max-snippet:-1","max-image-preview":"max-image-preview:large","max-video-preview":"max-video-preview:-1"},"canonical":"https:\/\/www.aspilsan.com\/en\/aspilsan-enerji-will-take-part-in-saha-2026-to-power-the-future-of-defense\/","og_locale":"en_US","og_type":"article","og_title":"ASP\u0130LSAN Enerji, Savunman\u0131n Gelece\u011fine G\u00fc\u00e7 Vermek \u0130\u00e7in SAHA 2026\u2019da Yer Alacak - ASP\u0130LSAN","og_description":"T\u00fcrkiye\u2019nin yerli ve mill\u00ee enerji depolama \u00e7\u00f6z\u00fcmlerindeki \u00f6nc\u00fc kurulu\u015flar\u0131ndan ASP\u0130LSAN Enerji, Avrupa\u2019n\u0131n en b\u00fcy\u00fck sanayi k\u00fcmelenmesi organizasyonlar\u0131ndan biri olan SAHA 2026\u2019da en yeni teknolojilerini sergilemeye haz\u0131rlan\u0131yor. 05-09 May\u0131s 2026 tarihleri aras\u0131nda \u0130stanbul Fuar Merkezi\u2019nde d\u00fczenlenecek olan Avrupa&#8217;n\u0131n en b\u00fcy\u00fck sanayi k\u00fcmelenmesi SAHA 2026 Savunma, Havac\u0131l\u0131k ve Uzay Sanayi Fuar\u0131\u2019na kat\u0131l\u0131m sa\u011flayacak olan ASP\u0130LSAN Enerji havac\u0131l\u0131k,...","og_url":"https:\/\/www.aspilsan.com\/en\/aspilsan-enerji-will-take-part-in-saha-2026-to-power-the-future-of-defense\/","og_site_name":"ASP\u0130LSAN","article_publisher":"https:\/\/www.facebook.com\/people\/Aspilsan\/100028422177074\/","article_published_time":"2026-04-29T06:35:00+00:00","article_modified_time":"2026-04-29T08:05:56+00:00","og_image":[{"width":1080,"height":1350,"url":"https:\/\/www.aspilsan.com\/wp-content\/uploads\/2026\/04\/Saha-2026-1.jpg","type":"image\/jpeg"}],"author":"\u0130hsan Emre KILI\u00c7BAY","twitter_card":"summary_large_image","twitter_creator":"@aspilsan_enerji","twitter_site":"@aspilsan_enerji","twitter_misc":{"Written by":"\u0130hsan Emre KILI\u00c7BAY","Est. reading time":"2 minutes"},"schema":{"@context":"https:\/\/schema.org","@graph":[{"@type":"Article","@id":"https:\/\/www.aspilsan.com\/aspilsan-enerji-savunmanin-gelecegine-guc-vermek-icin-saha-2026da-yer-alacak\/#article","isPartOf":{"@id":"https:\/\/www.aspilsan.com\/aspilsan-enerji-savunmanin-gelecegine-guc-vermek-icin-saha-2026da-yer-alacak\/"},"author":{"name":"\u0130hsan Emre KILI\u00c7BAY","@id":"https:\/\/www.aspilsan.com\/#\/schema\/person\/f1ef3394e0e361b10652b14a2c1d3685"},"headline":"ASP\u0130LSAN Enerji, Savunman\u0131n Gelece\u011fine G\u00fc\u00e7 Vermek \u0130\u00e7in SAHA 2026\u2019da Yer Alacak","datePublished":"2026-04-29T06:35:00+00:00","dateModified":"2026-04-29T08:05:56+00:00","mainEntityOfPage":{"@id":"https:\/\/www.aspilsan.com\/aspilsan-enerji-savunmanin-gelecegine-guc-vermek-icin-saha-2026da-yer-alacak\/"},"wordCount":325,"publisher":{"@id":"https:\/\/www.aspilsan.com\/#organization"},"articleSection":["Haberler"],"inLanguage":"en-US"},{"@type":"WebPage","@id":"https:\/\/www.aspilsan.com\/aspilsan-enerji-savunmanin-gelecegine-guc-vermek-icin-saha-2026da-yer-alacak\/","url":"https:\/\/www.aspilsan.com\/aspilsan-enerji-savunmanin-gelecegine-guc-vermek-icin-saha-2026da-yer-alacak\/","name":"ASP\u0130LSAN Enerji, Savunman\u0131n Gelece\u011fine G\u00fc\u00e7 Vermek \u0130\u00e7in SAHA 2026\u2019da Yer Alacak - ASP\u0130LSAN","isPartOf":{"@id":"https:\/\/www.aspilsan.com\/#website"},"datePublished":"2026-04-29T06:35:00+00:00","dateModified":"2026-04-29T08:05:56+00:00","breadcrumb":{"@id":"https:\/\/www.aspilsan.com\/aspilsan-enerji-savunmanin-gelecegine-guc-vermek-icin-saha-2026da-yer-alacak\/#breadcrumb"},"inLanguage":"en-US","potentialAction":[{"@type":"ReadAction","target":["https:\/\/www.aspilsan.com\/aspilsan-enerji-savunmanin-gelecegine-guc-vermek-icin-saha-2026da-yer-alacak\/"]}]},{"@type":"BreadcrumbList","@id":"https:\/\/www.aspilsan.com\/aspilsan-enerji-savunmanin-gelecegine-guc-vermek-icin-saha-2026da-yer-alacak\/#breadcrumb","itemListElement":[{"@type":"ListItem","position":1,"name":"Anasayfa","item":"https:\/\/www.aspilsan.com\/"},{"@type":"ListItem","position":2,"name":"ASP\u0130LSAN Enerji, Savunman\u0131n Gelece\u011fine G\u00fc\u00e7 Vermek \u0130\u00e7in SAHA 2026\u2019da Yer Alacak"}]},{"@type":"WebSite","@id":"https:\/\/www.aspilsan.com\/#website","url":"https:\/\/www.aspilsan.com\/","name":"ASP\u0130LSAN","description":"Teknolojinin Enerjisi","publisher":{"@id":"https:\/\/www.aspilsan.com\/#organization"},"potentialAction":[{"@type":"SearchAction","target":{"@type":"EntryPoint","urlTemplate":"https:\/\/www.aspilsan.com\/?s={search_term_string}"},"query-input":"required name=search_term_string"}],"inLanguage":"en-US"},{"@type":"Organization","@id":"https:\/\/www.aspilsan.com\/#organization","name":"ASP\u0130LSAN","url":"https:\/\/www.aspilsan.com\/","logo":{"@type":"ImageObject","inLanguage":"en-US","@id":"https:\/\/www.aspilsan.com\/#\/schema\/logo\/image\/","url":"https:\/\/www.aspilsan.com\/wp-content\/uploads\/2022\/03\/Aspilsan-Logo-300px.png","contentUrl":"https:\/\/www.aspilsan.com\/wp-content\/uploads\/2022\/03\/Aspilsan-Logo-300px.png","width":300,"height":56,"caption":"ASP\u0130LSAN"},"image":{"@id":"https:\/\/www.aspilsan.com\/#\/schema\/logo\/image\/"},"sameAs":["https:\/\/www.facebook.com\/people\/Aspilsan\/100028422177074\/","https:\/\/twitter.com\/aspilsan_enerji","https:\/\/www.instagram.com\/aspilsanenerji","https:\/\/www.linkedin.com\/company\/aspilsan"]},{"@type":"Person","@id":"https:\/\/www.aspilsan.com\/#\/schema\/person\/f1ef3394e0e361b10652b14a2c1d3685","name":"\u0130hsan Emre KILI\u00c7BAY","image":{"@type":"ImageObject","inLanguage":"en-US","@id":"https:\/\/www.aspilsan.com\/#\/schema\/person\/image\/","url":"https:\/\/secure.gravatar.com\/avatar\/8a3161259a26478e88395be6c1cc5b83d4072971502e7ca18fe1428c2b43b2ee?s=96&d=mm&r=g","contentUrl":"https:\/\/secure.gravatar.com\/avatar\/8a3161259a26478e88395be6c1cc5b83d4072971502e7ca18fe1428c2b43b2ee?s=96&d=mm&r=g","caption":"\u0130hsan Emre KILI\u00c7BAY"},"url":"https:\/\/www.aspilsan.com\/en\/author\/asp_krmsl_ihsan141024\/"}]}},"acf":[],"_links":{"self":[{"href":"https:\/\/www.aspilsan.com\/en\/wp-json\/wp\/v2\/posts\/9391","targetHints":{"allow":["GET"]}}],"collection":[{"href":"https:\/\/www.aspilsan.com\/en\/wp-json\/wp\/v2\/posts"}],"about":[{"href":"https:\/\/www.aspilsan.com\/en\/wp-json\/wp\/v2\/types\/post"}],"author":[{"embeddable":true,"href":"https:\/\/www.aspilsan.com\/en\/wp-json\/wp\/v2\/users\/7"}],"replies":[{"embeddable":true,"href":"https:\/\/www.aspilsan.com\/en\/wp-json\/wp\/v2\/comments?post=9391"}],"version-history":[{"count":1,"href":"https:\/\/www.aspilsan.com\/en\/wp-json\/wp\/v2\/posts\/9391\/revisions"}],"predecessor-version":[{"id":9392,"href":"https:\/\/www.aspilsan.com\/en\/wp-json\/wp\/v2\/posts\/9391\/revisions\/9392"}],"wp:featuredmedia":[{"embeddable":true,"href":"https:\/\/www.aspilsan.com\/en\/wp-json\/wp\/v2\/media\/9342"}],"wp:attachment":[{"href":"https:\/\/www.aspilsan.com\/en\/wp-json\/wp\/v2\/media?parent=9391"}],"wp:term":[{"taxonomy":"category","embeddable":true,"href":"https:\/\/www.aspilsan.com\/en\/wp-json\/wp\/v2\/categories?post=9391"},{"taxonomy":"post_tag","embeddable":true,"href":"https:\/\/www.aspilsan.com\/en\/wp-json\/wp\/v2\/tags?post=9391"}],"curies":[{"name":"wp","href":"https:\/\/api.w.org\/{rel}","templated":true}]}}